{"id":1293,"date":"2025-10-10T18:34:13","date_gmt":"2025-10-10T18:34:13","guid":{"rendered":"https:\/\/ceadvogados.com\/novo\/?p=1293"},"modified":"2025-10-10T18:34:13","modified_gmt":"2025-10-10T18:34:13","slug":"tratamento-psiquiatrico-quando-o-limite-de-cobertura-do-plano-de-saude-e-injustificado","status":"publish","type":"post","link":"https:\/\/ceadvogados.com\/novo\/2025\/10\/10\/tratamento-psiquiatrico-quando-o-limite-de-cobertura-do-plano-de-saude-e-injustificado\/","title":{"rendered":"Tratamento psiqui\u00e1trico: quando o limite de cobertura do plano de sa\u00fade \u00e9 injustificado?"},"content":{"rendered":"<p>O tratamento psiqui\u00e1trico \u00e9 fundamental para garantir qualidade de vida e estabilidade emocional a quem enfrenta transtornos mentais. No entanto, muitos pacientes se deparam com uma situa\u00e7\u00e3o delicada: a limita\u00e7\u00e3o indevida do n\u00famero de consultas, interna\u00e7\u00f5es ou sess\u00f5es por parte dos planos de sa\u00fade. Essa pr\u00e1tica, infelizmente comum, pode ser considerada abusiva e contr\u00e1ria \u00e0s normas da Ag\u00eancia Nacional de Sa\u00fade Suplementar (ANS).<\/p>\n<h4>O que diz a legisla\u00e7\u00e3o sobre o tratamento psiqui\u00e1trico<\/h4>\n<p>A ANS determina que os planos de sa\u00fade devem garantir cobertura integral para o tratamento de transtornos mentais, inclusive em casos de interna\u00e7\u00e3o hospitalar e atendimentos ambulatoriais. Isso significa que a operadora\u00a0<strong>n\u00e3o pode impor um limite arbitr\u00e1rio de sess\u00f5es com psiquiatra, psic\u00f3logo ou outros profissionais necess\u00e1rios \u00e0 recupera\u00e7\u00e3o do paciente<\/strong>.<\/p>\n<p>Ainda que existam regras espec\u00edficas para determinadas modalidades de planos, o entendimento consolidado nos tribunais \u00e9 de que\u00a0<strong>a interrup\u00e7\u00e3o do tratamento sem justificativa m\u00e9dica \u00e9 ilegal<\/strong>. A decis\u00e3o sobre o tempo e a frequ\u00eancia das sess\u00f5es deve sempre caber ao m\u00e9dico respons\u00e1vel, e n\u00e3o \u00e0 operadora do plano.<\/p>\n<h4>Limites de sess\u00f5es e negativas injustificadas<\/h4>\n<p>Alguns planos de sa\u00fade tentam restringir o tratamento alegando que o paciente \u201cultrapassou o n\u00famero m\u00e1ximo de sess\u00f5es\u201d ou que o servi\u00e7o solicitado \u201cn\u00e3o consta no rol da ANS\u201d. Por\u00e9m, desde 2022, o rol da ANS \u00e9\u00a0<strong>exemplificativo<\/strong>, ou seja, ele serve como refer\u00eancia m\u00ednima, mas n\u00e3o exclui procedimentos ou terapias que sejam clinicamente necess\u00e1rios.<\/p>\n<p>Quando o m\u00e9dico assistente comprova que o tratamento psiqui\u00e1trico \u00e9 essencial, o plano deve custear o atendimento integralmente. A negativa ou limita\u00e7\u00e3o, nesses casos,\u00a0<strong>pode configurar descumprimento contratual e viola\u00e7\u00e3o do direito \u00e0 sa\u00fade<\/strong>.<\/p>\n<h4>Casos de interna\u00e7\u00e3o psiqui\u00e1trica<\/h4>\n<p>Em situa\u00e7\u00f5es de crise, o paciente pode necessitar de interna\u00e7\u00e3o psiqui\u00e1trica. A operadora do plano \u00e9 obrigada a cobrir a interna\u00e7\u00e3o enquanto houver indica\u00e7\u00e3o m\u00e9dica, sem impor prazos m\u00e1ximos. Restringir o tempo de interna\u00e7\u00e3o sem avalia\u00e7\u00e3o cl\u00ednica \u00e9 considerado uma pr\u00e1tica abusiva e pode colocar em risco a integridade f\u00edsica e mental do paciente.<\/p>\n<h4>O que fazer em caso de negativa<\/h4>\n<p>Quando o plano de sa\u00fade limita o n\u00famero de consultas, suspende o tratamento ou nega cobertura sob justificativas gen\u00e9ricas, \u00e9 importante\u00a0<strong>registrar reclama\u00e7\u00e3o junto \u00e0 ANS<\/strong>\u00a0e manter c\u00f3pias de todos os documentos e prescri\u00e7\u00f5es m\u00e9dicas.<br \/>\nCaso o problema persista,\u00a0<strong>considere buscar apoio jur\u00eddico<\/strong>\u00a0para garantir o cumprimento dos seus direitos e a continuidade do tratamento.<\/p>\n<p><em><strong>Dr. Allan de Oliveira Campos \u2013 Advogado Especializado em Direito M\u00e9dico da Sa\u00fade<br \/>\nOAB\/RJ 163.228<\/strong><\/em><\/p>\n<p><img decoding=\"async\" class=\"emoji\" role=\"img\" draggable=\"false\" src=\"https:\/\/s.w.org\/images\/core\/emoji\/15.0.3\/svg\/1f4de.svg\" alt=\"\ud83d\udcde\" \/>\u00a0(21) 98322-2913<br \/>\n<img decoding=\"async\" class=\"emoji\" role=\"img\" draggable=\"false\" src=\"https:\/\/s.w.org\/images\/core\/emoji\/15.0.3\/svg\/1f4e7.svg\" alt=\"\ud83d\udce7\" \/>\u00a0contato@ceadvogados.com<br \/>\n<img decoding=\"async\" class=\"emoji\" role=\"img\" draggable=\"false\" src=\"https:\/\/s.w.org\/images\/core\/emoji\/15.0.3\/svg\/1f4cd.svg\" alt=\"\ud83d\udccd\" \/>\u00a0Rua da Concei\u00e7\u00e3o, 95\/1204, Centro, Niter\u00f3i-RJ<\/p>\n","protected":false},"excerpt":{"rendered":"<p>O tratamento psiqui\u00e1trico \u00e9 fundamental para garantir qualidade de vida e estabilidade emocional a quem enfrenta transtornos mentais. No entanto, muitos pacientes se deparam com uma situa\u00e7\u00e3o delicada: a limita\u00e7\u00e3o indevida do n\u00famero de consultas, interna\u00e7\u00f5es ou sess\u00f5es por parte dos planos de sa\u00fade. Essa pr\u00e1tica, infelizmente comum, pode ser considerada abusiva e contr\u00e1ria \u00e0s normas da Ag\u00eancia Nacional de Sa\u00fade Suplementar (ANS). O que diz a legisla\u00e7\u00e3o sobre o tratamento psiqui\u00e1trico A ANS determina que os planos de sa\u00fade devem garantir cobertura integral para o tratamento de transtornos mentais, inclusive em casos de interna\u00e7\u00e3o hospitalar e atendimentos ambulatoriais. Isso significa que a operadora\u00a0n\u00e3o pode impor um limite arbitr\u00e1rio de sess\u00f5es com psiquiatra, psic\u00f3logo ou outros profissionais necess\u00e1rios \u00e0 recupera\u00e7\u00e3o do paciente. Ainda que existam regras espec\u00edficas para determinadas modalidades de planos, o entendimento consolidado nos tribunais \u00e9 de que\u00a0a interrup\u00e7\u00e3o do tratamento sem justificativa m\u00e9dica \u00e9 ilegal. A decis\u00e3o sobre o tempo e a frequ\u00eancia das sess\u00f5es deve sempre caber ao m\u00e9dico respons\u00e1vel, e n\u00e3o \u00e0 operadora do plano. Limites de sess\u00f5es e negativas injustificadas Alguns planos de sa\u00fade tentam restringir o tratamento alegando que o paciente \u201cultrapassou o n\u00famero m\u00e1ximo de sess\u00f5es\u201d ou que o servi\u00e7o solicitado \u201cn\u00e3o consta no rol da ANS\u201d. Por\u00e9m, desde 2022, o rol da ANS \u00e9\u00a0exemplificativo, ou seja, ele serve como refer\u00eancia m\u00ednima, mas n\u00e3o exclui procedimentos ou terapias que sejam clinicamente necess\u00e1rios. Quando o m\u00e9dico assistente comprova que o tratamento psiqui\u00e1trico \u00e9 essencial, o plano deve custear o atendimento integralmente. A negativa ou limita\u00e7\u00e3o, nesses casos,\u00a0pode configurar descumprimento contratual e viola\u00e7\u00e3o do direito \u00e0 sa\u00fade. Casos de interna\u00e7\u00e3o psiqui\u00e1trica Em situa\u00e7\u00f5es de crise, o paciente pode necessitar de interna\u00e7\u00e3o psiqui\u00e1trica. A operadora do plano \u00e9 obrigada a cobrir a interna\u00e7\u00e3o enquanto houver indica\u00e7\u00e3o m\u00e9dica, sem impor prazos m\u00e1ximos. Restringir o tempo de interna\u00e7\u00e3o sem avalia\u00e7\u00e3o cl\u00ednica \u00e9 considerado uma pr\u00e1tica abusiva e pode colocar em risco a integridade f\u00edsica e mental do paciente. O que fazer em caso de negativa Quando o plano de sa\u00fade limita o n\u00famero de consultas, suspende o tratamento ou nega cobertura sob justificativas gen\u00e9ricas, \u00e9 importante\u00a0registrar reclama\u00e7\u00e3o junto \u00e0 ANS\u00a0e manter c\u00f3pias de todos os documentos e prescri\u00e7\u00f5es m\u00e9dicas. Caso o problema persista,\u00a0considere buscar apoio jur\u00eddico\u00a0para garantir o cumprimento dos seus direitos e a continuidade do tratamento. Dr. Allan de Oliveira Campos \u2013 Advogado Especializado em Direito M\u00e9dico da Sa\u00fade OAB\/RJ 163.228 \u00a0(21) 98322-2913 \u00a0contato@ceadvogados.com \u00a0Rua da Concei\u00e7\u00e3o, 95\/1204, Centro, Niter\u00f3i-RJ<\/p>\n","protected":false},"author":1,"featured_media":1294,"comment_status":"open","ping_status":"open","sticky":false,"template":"","format":"standard","meta":{"footnotes":""},"categories":[1],"tags":[],"class_list":["post-1293","post","type-post","status-publish","format-standard","has-post-thumbnail","hentry","category-artigos"],"yoast_head":"<!-- This site is optimized with the Yoast SEO plugin v27.0 - https:\/\/yoast.com\/product\/yoast-seo-wordpress\/ -->\n<title>Tratamento psiqui\u00e1trico: quando o limite de cobertura do plano de sa\u00fade \u00e9 injustificado? - Campos e Emerich Advogados<\/title>\n<meta name=\"robots\" content=\"index, follow, max-snippet:-1, max-image-preview:large, max-video-preview:-1\" \/>\n<link rel=\"canonical\" href=\"https:\/\/ceadvogados.com\/novo\/2025\/10\/10\/tratamento-psiquiatrico-quando-o-limite-de-cobertura-do-plano-de-saude-e-injustificado\/\" \/>\n<meta property=\"og:locale\" content=\"pt_PT\" \/>\n<meta property=\"og:type\" content=\"article\" \/>\n<meta property=\"og:title\" content=\"Tratamento psiqui\u00e1trico: quando o limite de cobertura do plano de sa\u00fade \u00e9 injustificado? - Campos e Emerich Advogados\" \/>\n<meta property=\"og:description\" content=\"O tratamento psiqui\u00e1trico \u00e9 fundamental para garantir qualidade de vida e estabilidade emocional a quem enfrenta transtornos mentais. No entanto, muitos pacientes se deparam com uma situa\u00e7\u00e3o delicada: a limita\u00e7\u00e3o indevida do n\u00famero de consultas, interna\u00e7\u00f5es ou sess\u00f5es por parte dos planos de sa\u00fade. Essa pr\u00e1tica, infelizmente comum, pode ser considerada abusiva e contr\u00e1ria \u00e0s normas da Ag\u00eancia Nacional de Sa\u00fade Suplementar (ANS). O que diz a legisla\u00e7\u00e3o sobre o tratamento psiqui\u00e1trico A ANS determina que os planos de sa\u00fade devem garantir cobertura integral para o tratamento de transtornos mentais, inclusive em casos de interna\u00e7\u00e3o hospitalar e atendimentos ambulatoriais. Isso significa que a operadora\u00a0n\u00e3o pode impor um limite arbitr\u00e1rio de sess\u00f5es com psiquiatra, psic\u00f3logo ou outros profissionais necess\u00e1rios \u00e0 recupera\u00e7\u00e3o do paciente. Ainda que existam regras espec\u00edficas para determinadas modalidades de planos, o entendimento consolidado nos tribunais \u00e9 de que\u00a0a interrup\u00e7\u00e3o do tratamento sem justificativa m\u00e9dica \u00e9 ilegal. A decis\u00e3o sobre o tempo e a frequ\u00eancia das sess\u00f5es deve sempre caber ao m\u00e9dico respons\u00e1vel, e n\u00e3o \u00e0 operadora do plano. Limites de sess\u00f5es e negativas injustificadas Alguns planos de sa\u00fade tentam restringir o tratamento alegando que o paciente \u201cultrapassou o n\u00famero m\u00e1ximo de sess\u00f5es\u201d ou que o servi\u00e7o solicitado \u201cn\u00e3o consta no rol da ANS\u201d. Por\u00e9m, desde 2022, o rol da ANS \u00e9\u00a0exemplificativo, ou seja, ele serve como refer\u00eancia m\u00ednima, mas n\u00e3o exclui procedimentos ou terapias que sejam clinicamente necess\u00e1rios. Quando o m\u00e9dico assistente comprova que o tratamento psiqui\u00e1trico \u00e9 essencial, o plano deve custear o atendimento integralmente. A negativa ou limita\u00e7\u00e3o, nesses casos,\u00a0pode configurar descumprimento contratual e viola\u00e7\u00e3o do direito \u00e0 sa\u00fade. Casos de interna\u00e7\u00e3o psiqui\u00e1trica Em situa\u00e7\u00f5es de crise, o paciente pode necessitar de interna\u00e7\u00e3o psiqui\u00e1trica. A operadora do plano \u00e9 obrigada a cobrir a interna\u00e7\u00e3o enquanto houver indica\u00e7\u00e3o m\u00e9dica, sem impor prazos m\u00e1ximos. Restringir o tempo de interna\u00e7\u00e3o sem avalia\u00e7\u00e3o cl\u00ednica \u00e9 considerado uma pr\u00e1tica abusiva e pode colocar em risco a integridade f\u00edsica e mental do paciente. O que fazer em caso de negativa Quando o plano de sa\u00fade limita o n\u00famero de consultas, suspende o tratamento ou nega cobertura sob justificativas gen\u00e9ricas, \u00e9 importante\u00a0registrar reclama\u00e7\u00e3o junto \u00e0 ANS\u00a0e manter c\u00f3pias de todos os documentos e prescri\u00e7\u00f5es m\u00e9dicas. Caso o problema persista,\u00a0considere buscar apoio jur\u00eddico\u00a0para garantir o cumprimento dos seus direitos e a continuidade do tratamento. Dr. Allan de Oliveira Campos \u2013 Advogado Especializado em Direito M\u00e9dico da Sa\u00fade OAB\/RJ 163.228 \u00a0(21) 98322-2913 \u00a0contato@ceadvogados.com \u00a0Rua da Concei\u00e7\u00e3o, 95\/1204, Centro, Niter\u00f3i-RJ\" \/>\n<meta property=\"og:url\" content=\"https:\/\/ceadvogados.com\/novo\/2025\/10\/10\/tratamento-psiquiatrico-quando-o-limite-de-cobertura-do-plano-de-saude-e-injustificado\/\" \/>\n<meta property=\"og:site_name\" content=\"Campos e Emerich Advogados\" \/>\n<meta property=\"article:publisher\" content=\"https:\/\/www.facebook.com\/profile.php?id=61551895715380&amp;mibextid=9R9pXO\" \/>\n<meta property=\"article:published_time\" content=\"2025-10-10T18:34:13+00:00\" \/>\n<meta property=\"og:image\" content=\"https:\/\/ceadvogados.com\/novo\/wp-content\/uploads\/2025\/10\/tratamento-psiquiatrico-plano-de-saude-negativa-limites.jpg\" \/>\n\t<meta property=\"og:image:width\" content=\"1080\" \/>\n\t<meta property=\"og:image:height\" content=\"1080\" \/>\n\t<meta property=\"og:image:type\" content=\"image\/jpeg\" \/>\n<meta name=\"author\" content=\"admin\" \/>\n<meta name=\"twitter:card\" content=\"summary_large_image\" \/>\n<meta name=\"twitter:label1\" content=\"Escrito por\" \/>\n\t<meta name=\"twitter:data1\" content=\"admin\" \/>\n\t<meta name=\"twitter:label2\" content=\"Tempo estimado de leitura\" \/>\n\t<meta name=\"twitter:data2\" content=\"3 minutos\" \/>\n<script type=\"application\/ld+json\" class=\"yoast-schema-graph\">{\"@context\":\"https:\/\/schema.org\",\"@graph\":[{\"@type\":\"Article\",\"@id\":\"https:\/\/ceadvogados.com\/novo\/2025\/10\/10\/tratamento-psiquiatrico-quando-o-limite-de-cobertura-do-plano-de-saude-e-injustificado\/#article\",\"isPartOf\":{\"@id\":\"https:\/\/ceadvogados.com\/novo\/2025\/10\/10\/tratamento-psiquiatrico-quando-o-limite-de-cobertura-do-plano-de-saude-e-injustificado\/\"},\"author\":{\"name\":\"admin\",\"@id\":\"https:\/\/ceadvogados.com\/novo\/#\/schema\/person\/f83534c76457622c0d791075e8662943\"},\"headline\":\"Tratamento psiqui\u00e1trico: quando o limite de cobertura do plano de sa\u00fade \u00e9 injustificado?\",\"datePublished\":\"2025-10-10T18:34:13+00:00\",\"mainEntityOfPage\":{\"@id\":\"https:\/\/ceadvogados.com\/novo\/2025\/10\/10\/tratamento-psiquiatrico-quando-o-limite-de-cobertura-do-plano-de-saude-e-injustificado\/\"},\"wordCount\":485,\"commentCount\":0,\"publisher\":{\"@id\":\"https:\/\/ceadvogados.com\/novo\/#organization\"},\"image\":{\"@id\":\"https:\/\/ceadvogados.com\/novo\/2025\/10\/10\/tratamento-psiquiatrico-quando-o-limite-de-cobertura-do-plano-de-saude-e-injustificado\/#primaryimage\"},\"thumbnailUrl\":\"https:\/\/ceadvogados.com\/novo\/wp-content\/uploads\/2025\/10\/tratamento-psiquiatrico-plano-de-saude-negativa-limites.jpg\",\"articleSection\":[\"Artigos\"],\"inLanguage\":\"pt-PT\",\"potentialAction\":[{\"@type\":\"CommentAction\",\"name\":\"Comment\",\"target\":[\"https:\/\/ceadvogados.com\/novo\/2025\/10\/10\/tratamento-psiquiatrico-quando-o-limite-de-cobertura-do-plano-de-saude-e-injustificado\/#respond\"]}]},{\"@type\":\"WebPage\",\"@id\":\"https:\/\/ceadvogados.com\/novo\/2025\/10\/10\/tratamento-psiquiatrico-quando-o-limite-de-cobertura-do-plano-de-saude-e-injustificado\/\",\"url\":\"https:\/\/ceadvogados.com\/novo\/2025\/10\/10\/tratamento-psiquiatrico-quando-o-limite-de-cobertura-do-plano-de-saude-e-injustificado\/\",\"name\":\"Tratamento psiqui\u00e1trico: quando o limite de cobertura do plano de sa\u00fade \u00e9 injustificado? - Campos e Emerich Advogados\",\"isPartOf\":{\"@id\":\"https:\/\/ceadvogados.com\/novo\/#website\"},\"primaryImageOfPage\":{\"@id\":\"https:\/\/ceadvogados.com\/novo\/2025\/10\/10\/tratamento-psiquiatrico-quando-o-limite-de-cobertura-do-plano-de-saude-e-injustificado\/#primaryimage\"},\"image\":{\"@id\":\"https:\/\/ceadvogados.com\/novo\/2025\/10\/10\/tratamento-psiquiatrico-quando-o-limite-de-cobertura-do-plano-de-saude-e-injustificado\/#primaryimage\"},\"thumbnailUrl\":\"https:\/\/ceadvogados.com\/novo\/wp-content\/uploads\/2025\/10\/tratamento-psiquiatrico-plano-de-saude-negativa-limites.jpg\",\"datePublished\":\"2025-10-10T18:34:13+00:00\",\"breadcrumb\":{\"@id\":\"https:\/\/ceadvogados.com\/novo\/2025\/10\/10\/tratamento-psiquiatrico-quando-o-limite-de-cobertura-do-plano-de-saude-e-injustificado\/#breadcrumb\"},\"inLanguage\":\"pt-PT\",\"potentialAction\":[{\"@type\":\"ReadAction\",\"target\":[\"https:\/\/ceadvogados.com\/novo\/2025\/10\/10\/tratamento-psiquiatrico-quando-o-limite-de-cobertura-do-plano-de-saude-e-injustificado\/\"]}]},{\"@type\":\"ImageObject\",\"inLanguage\":\"pt-PT\",\"@id\":\"https:\/\/ceadvogados.com\/novo\/2025\/10\/10\/tratamento-psiquiatrico-quando-o-limite-de-cobertura-do-plano-de-saude-e-injustificado\/#primaryimage\",\"url\":\"https:\/\/ceadvogados.com\/novo\/wp-content\/uploads\/2025\/10\/tratamento-psiquiatrico-plano-de-saude-negativa-limites.jpg\",\"contentUrl\":\"https:\/\/ceadvogados.com\/novo\/wp-content\/uploads\/2025\/10\/tratamento-psiquiatrico-plano-de-saude-negativa-limites.jpg\",\"width\":1080,\"height\":1080},{\"@type\":\"BreadcrumbList\",\"@id\":\"https:\/\/ceadvogados.com\/novo\/2025\/10\/10\/tratamento-psiquiatrico-quando-o-limite-de-cobertura-do-plano-de-saude-e-injustificado\/#breadcrumb\",\"itemListElement\":[{\"@type\":\"ListItem\",\"position\":1,\"name\":\"In\u00edcio\",\"item\":\"https:\/\/ceadvogados.com\/novo\/\"},{\"@type\":\"ListItem\",\"position\":2,\"name\":\"Tratamento psiqui\u00e1trico: quando o limite de cobertura do plano de sa\u00fade \u00e9 injustificado?\"}]},{\"@type\":\"WebSite\",\"@id\":\"https:\/\/ceadvogados.com\/novo\/#website\",\"url\":\"https:\/\/ceadvogados.com\/novo\/\",\"name\":\"Campos & Emerich Advogados\",\"description\":\"\",\"publisher\":{\"@id\":\"https:\/\/ceadvogados.com\/novo\/#organization\"},\"potentialAction\":[{\"@type\":\"SearchAction\",\"target\":{\"@type\":\"EntryPoint\",\"urlTemplate\":\"https:\/\/ceadvogados.com\/novo\/?s={search_term_string}\"},\"query-input\":{\"@type\":\"PropertyValueSpecification\",\"valueRequired\":true,\"valueName\":\"search_term_string\"}}],\"inLanguage\":\"pt-PT\"},{\"@type\":\"Organization\",\"@id\":\"https:\/\/ceadvogados.com\/novo\/#organization\",\"name\":\"Campos & Emerich Advogados\",\"url\":\"https:\/\/ceadvogados.com\/novo\/\",\"logo\":{\"@type\":\"ImageObject\",\"inLanguage\":\"pt-PT\",\"@id\":\"https:\/\/ceadvogados.com\/novo\/#\/schema\/logo\/image\/\",\"url\":\"https:\/\/ceadvogados.com\/novo\/wp-content\/uploads\/2025\/02\/campos-e-emerich-advogados.jpg\",\"contentUrl\":\"https:\/\/ceadvogados.com\/novo\/wp-content\/uploads\/2025\/02\/campos-e-emerich-advogados.jpg\",\"width\":810,\"height\":810,\"caption\":\"Campos & Emerich Advogados\"},\"image\":{\"@id\":\"https:\/\/ceadvogados.com\/novo\/#\/schema\/logo\/image\/\"},\"sameAs\":[\"https:\/\/www.facebook.com\/profile.php?id=61551895715380&mibextid=9R9pXO\",\"https:\/\/www.instagram.com\/ce.advogados?igshid=ZXJ1MHV4azFwbm1z\"]},{\"@type\":\"Person\",\"@id\":\"https:\/\/ceadvogados.com\/novo\/#\/schema\/person\/f83534c76457622c0d791075e8662943\",\"name\":\"admin\",\"image\":{\"@type\":\"ImageObject\",\"inLanguage\":\"pt-PT\",\"@id\":\"https:\/\/ceadvogados.com\/novo\/#\/schema\/person\/image\/\",\"url\":\"https:\/\/secure.gravatar.com\/avatar\/79dcbdb2b6bdd7817cb53be05a85960f828f05e25b12ed0288673f8f13407b90?s=96&d=mm&r=g\",\"contentUrl\":\"https:\/\/secure.gravatar.com\/avatar\/79dcbdb2b6bdd7817cb53be05a85960f828f05e25b12ed0288673f8f13407b90?s=96&d=mm&r=g\",\"caption\":\"admin\"},\"sameAs\":[\"https:\/\/ceadvogados.com\/novo\"],\"url\":\"https:\/\/ceadvogados.com\/novo\/author\/admin\/\"}]}<\/script>\n<!-- \/ Yoast SEO plugin. -->","yoast_head_json":{"title":"Tratamento psiqui\u00e1trico: quando o limite de cobertura do plano de sa\u00fade \u00e9 injustificado? - Campos e Emerich Advogados","robots":{"index":"index","follow":"follow","max-snippet":"max-snippet:-1","max-image-preview":"max-image-preview:large","max-video-preview":"max-video-preview:-1"},"canonical":"https:\/\/ceadvogados.com\/novo\/2025\/10\/10\/tratamento-psiquiatrico-quando-o-limite-de-cobertura-do-plano-de-saude-e-injustificado\/","og_locale":"pt_PT","og_type":"article","og_title":"Tratamento psiqui\u00e1trico: quando o limite de cobertura do plano de sa\u00fade \u00e9 injustificado? - Campos e Emerich Advogados","og_description":"O tratamento psiqui\u00e1trico \u00e9 fundamental para garantir qualidade de vida e estabilidade emocional a quem enfrenta transtornos mentais. No entanto, muitos pacientes se deparam com uma situa\u00e7\u00e3o delicada: a limita\u00e7\u00e3o indevida do n\u00famero de consultas, interna\u00e7\u00f5es ou sess\u00f5es por parte dos planos de sa\u00fade. Essa pr\u00e1tica, infelizmente comum, pode ser considerada abusiva e contr\u00e1ria \u00e0s normas da Ag\u00eancia Nacional de Sa\u00fade Suplementar (ANS). O que diz a legisla\u00e7\u00e3o sobre o tratamento psiqui\u00e1trico A ANS determina que os planos de sa\u00fade devem garantir cobertura integral para o tratamento de transtornos mentais, inclusive em casos de interna\u00e7\u00e3o hospitalar e atendimentos ambulatoriais. Isso significa que a operadora\u00a0n\u00e3o pode impor um limite arbitr\u00e1rio de sess\u00f5es com psiquiatra, psic\u00f3logo ou outros profissionais necess\u00e1rios \u00e0 recupera\u00e7\u00e3o do paciente. Ainda que existam regras espec\u00edficas para determinadas modalidades de planos, o entendimento consolidado nos tribunais \u00e9 de que\u00a0a interrup\u00e7\u00e3o do tratamento sem justificativa m\u00e9dica \u00e9 ilegal. A decis\u00e3o sobre o tempo e a frequ\u00eancia das sess\u00f5es deve sempre caber ao m\u00e9dico respons\u00e1vel, e n\u00e3o \u00e0 operadora do plano. Limites de sess\u00f5es e negativas injustificadas Alguns planos de sa\u00fade tentam restringir o tratamento alegando que o paciente \u201cultrapassou o n\u00famero m\u00e1ximo de sess\u00f5es\u201d ou que o servi\u00e7o solicitado \u201cn\u00e3o consta no rol da ANS\u201d. Por\u00e9m, desde 2022, o rol da ANS \u00e9\u00a0exemplificativo, ou seja, ele serve como refer\u00eancia m\u00ednima, mas n\u00e3o exclui procedimentos ou terapias que sejam clinicamente necess\u00e1rios. Quando o m\u00e9dico assistente comprova que o tratamento psiqui\u00e1trico \u00e9 essencial, o plano deve custear o atendimento integralmente. A negativa ou limita\u00e7\u00e3o, nesses casos,\u00a0pode configurar descumprimento contratual e viola\u00e7\u00e3o do direito \u00e0 sa\u00fade. Casos de interna\u00e7\u00e3o psiqui\u00e1trica Em situa\u00e7\u00f5es de crise, o paciente pode necessitar de interna\u00e7\u00e3o psiqui\u00e1trica. A operadora do plano \u00e9 obrigada a cobrir a interna\u00e7\u00e3o enquanto houver indica\u00e7\u00e3o m\u00e9dica, sem impor prazos m\u00e1ximos. Restringir o tempo de interna\u00e7\u00e3o sem avalia\u00e7\u00e3o cl\u00ednica \u00e9 considerado uma pr\u00e1tica abusiva e pode colocar em risco a integridade f\u00edsica e mental do paciente. O que fazer em caso de negativa Quando o plano de sa\u00fade limita o n\u00famero de consultas, suspende o tratamento ou nega cobertura sob justificativas gen\u00e9ricas, \u00e9 importante\u00a0registrar reclama\u00e7\u00e3o junto \u00e0 ANS\u00a0e manter c\u00f3pias de todos os documentos e prescri\u00e7\u00f5es m\u00e9dicas. Caso o problema persista,\u00a0considere buscar apoio jur\u00eddico\u00a0para garantir o cumprimento dos seus direitos e a continuidade do tratamento. Dr. Allan de Oliveira Campos \u2013 Advogado Especializado em Direito M\u00e9dico da Sa\u00fade OAB\/RJ 163.228 \u00a0(21) 98322-2913 \u00a0contato@ceadvogados.com \u00a0Rua da Concei\u00e7\u00e3o, 95\/1204, Centro, Niter\u00f3i-RJ","og_url":"https:\/\/ceadvogados.com\/novo\/2025\/10\/10\/tratamento-psiquiatrico-quando-o-limite-de-cobertura-do-plano-de-saude-e-injustificado\/","og_site_name":"Campos e Emerich Advogados","article_publisher":"https:\/\/www.facebook.com\/profile.php?id=61551895715380&mibextid=9R9pXO","article_published_time":"2025-10-10T18:34:13+00:00","og_image":[{"width":1080,"height":1080,"url":"https:\/\/ceadvogados.com\/novo\/wp-content\/uploads\/2025\/10\/tratamento-psiquiatrico-plano-de-saude-negativa-limites.jpg","type":"image\/jpeg"}],"author":"admin","twitter_card":"summary_large_image","twitter_misc":{"Escrito por":"admin","Tempo estimado de leitura":"3 minutos"},"schema":{"@context":"https:\/\/schema.org","@graph":[{"@type":"Article","@id":"https:\/\/ceadvogados.com\/novo\/2025\/10\/10\/tratamento-psiquiatrico-quando-o-limite-de-cobertura-do-plano-de-saude-e-injustificado\/#article","isPartOf":{"@id":"https:\/\/ceadvogados.com\/novo\/2025\/10\/10\/tratamento-psiquiatrico-quando-o-limite-de-cobertura-do-plano-de-saude-e-injustificado\/"},"author":{"name":"admin","@id":"https:\/\/ceadvogados.com\/novo\/#\/schema\/person\/f83534c76457622c0d791075e8662943"},"headline":"Tratamento psiqui\u00e1trico: quando o limite de cobertura do plano de sa\u00fade \u00e9 injustificado?","datePublished":"2025-10-10T18:34:13+00:00","mainEntityOfPage":{"@id":"https:\/\/ceadvogados.com\/novo\/2025\/10\/10\/tratamento-psiquiatrico-quando-o-limite-de-cobertura-do-plano-de-saude-e-injustificado\/"},"wordCount":485,"commentCount":0,"publisher":{"@id":"https:\/\/ceadvogados.com\/novo\/#organization"},"image":{"@id":"https:\/\/ceadvogados.com\/novo\/2025\/10\/10\/tratamento-psiquiatrico-quando-o-limite-de-cobertura-do-plano-de-saude-e-injustificado\/#primaryimage"},"thumbnailUrl":"https:\/\/ceadvogados.com\/novo\/wp-content\/uploads\/2025\/10\/tratamento-psiquiatrico-plano-de-saude-negativa-limites.jpg","articleSection":["Artigos"],"inLanguage":"pt-PT","potentialAction":[{"@type":"CommentAction","name":"Comment","target":["https:\/\/ceadvogados.com\/novo\/2025\/10\/10\/tratamento-psiquiatrico-quando-o-limite-de-cobertura-do-plano-de-saude-e-injustificado\/#respond"]}]},{"@type":"WebPage","@id":"https:\/\/ceadvogados.com\/novo\/2025\/10\/10\/tratamento-psiquiatrico-quando-o-limite-de-cobertura-do-plano-de-saude-e-injustificado\/","url":"https:\/\/ceadvogados.com\/novo\/2025\/10\/10\/tratamento-psiquiatrico-quando-o-limite-de-cobertura-do-plano-de-saude-e-injustificado\/","name":"Tratamento psiqui\u00e1trico: quando o limite de cobertura do plano de sa\u00fade \u00e9 injustificado? - Campos e Emerich Advogados","isPartOf":{"@id":"https:\/\/ceadvogados.com\/novo\/#website"},"primaryImageOfPage":{"@id":"https:\/\/ceadvogados.com\/novo\/2025\/10\/10\/tratamento-psiquiatrico-quando-o-limite-de-cobertura-do-plano-de-saude-e-injustificado\/#primaryimage"},"image":{"@id":"https:\/\/ceadvogados.com\/novo\/2025\/10\/10\/tratamento-psiquiatrico-quando-o-limite-de-cobertura-do-plano-de-saude-e-injustificado\/#primaryimage"},"thumbnailUrl":"https:\/\/ceadvogados.com\/novo\/wp-content\/uploads\/2025\/10\/tratamento-psiquiatrico-plano-de-saude-negativa-limites.jpg","datePublished":"2025-10-10T18:34:13+00:00","breadcrumb":{"@id":"https:\/\/ceadvogados.com\/novo\/2025\/10\/10\/tratamento-psiquiatrico-quando-o-limite-de-cobertura-do-plano-de-saude-e-injustificado\/#breadcrumb"},"inLanguage":"pt-PT","potentialAction":[{"@type":"ReadAction","target":["https:\/\/ceadvogados.com\/novo\/2025\/10\/10\/tratamento-psiquiatrico-quando-o-limite-de-cobertura-do-plano-de-saude-e-injustificado\/"]}]},{"@type":"ImageObject","inLanguage":"pt-PT","@id":"https:\/\/ceadvogados.com\/novo\/2025\/10\/10\/tratamento-psiquiatrico-quando-o-limite-de-cobertura-do-plano-de-saude-e-injustificado\/#primaryimage","url":"https:\/\/ceadvogados.com\/novo\/wp-content\/uploads\/2025\/10\/tratamento-psiquiatrico-plano-de-saude-negativa-limites.jpg","contentUrl":"https:\/\/ceadvogados.com\/novo\/wp-content\/uploads\/2025\/10\/tratamento-psiquiatrico-plano-de-saude-negativa-limites.jpg","width":1080,"height":1080},{"@type":"BreadcrumbList","@id":"https:\/\/ceadvogados.com\/novo\/2025\/10\/10\/tratamento-psiquiatrico-quando-o-limite-de-cobertura-do-plano-de-saude-e-injustificado\/#breadcrumb","itemListElement":[{"@type":"ListItem","position":1,"name":"In\u00edcio","item":"https:\/\/ceadvogados.com\/novo\/"},{"@type":"ListItem","position":2,"name":"Tratamento psiqui\u00e1trico: quando o limite de cobertura do plano de sa\u00fade \u00e9 injustificado?"}]},{"@type":"WebSite","@id":"https:\/\/ceadvogados.com\/novo\/#website","url":"https:\/\/ceadvogados.com\/novo\/","name":"Campos & Emerich Advogados","description":"","publisher":{"@id":"https:\/\/ceadvogados.com\/novo\/#organization"},"potentialAction":[{"@type":"SearchAction","target":{"@type":"EntryPoint","urlTemplate":"https:\/\/ceadvogados.com\/novo\/?s={search_term_string}"},"query-input":{"@type":"PropertyValueSpecification","valueRequired":true,"valueName":"search_term_string"}}],"inLanguage":"pt-PT"},{"@type":"Organization","@id":"https:\/\/ceadvogados.com\/novo\/#organization","name":"Campos & Emerich Advogados","url":"https:\/\/ceadvogados.com\/novo\/","logo":{"@type":"ImageObject","inLanguage":"pt-PT","@id":"https:\/\/ceadvogados.com\/novo\/#\/schema\/logo\/image\/","url":"https:\/\/ceadvogados.com\/novo\/wp-content\/uploads\/2025\/02\/campos-e-emerich-advogados.jpg","contentUrl":"https:\/\/ceadvogados.com\/novo\/wp-content\/uploads\/2025\/02\/campos-e-emerich-advogados.jpg","width":810,"height":810,"caption":"Campos & Emerich Advogados"},"image":{"@id":"https:\/\/ceadvogados.com\/novo\/#\/schema\/logo\/image\/"},"sameAs":["https:\/\/www.facebook.com\/profile.php?id=61551895715380&mibextid=9R9pXO","https:\/\/www.instagram.com\/ce.advogados?igshid=ZXJ1MHV4azFwbm1z"]},{"@type":"Person","@id":"https:\/\/ceadvogados.com\/novo\/#\/schema\/person\/f83534c76457622c0d791075e8662943","name":"admin","image":{"@type":"ImageObject","inLanguage":"pt-PT","@id":"https:\/\/ceadvogados.com\/novo\/#\/schema\/person\/image\/","url":"https:\/\/secure.gravatar.com\/avatar\/79dcbdb2b6bdd7817cb53be05a85960f828f05e25b12ed0288673f8f13407b90?s=96&d=mm&r=g","contentUrl":"https:\/\/secure.gravatar.com\/avatar\/79dcbdb2b6bdd7817cb53be05a85960f828f05e25b12ed0288673f8f13407b90?s=96&d=mm&r=g","caption":"admin"},"sameAs":["https:\/\/ceadvogados.com\/novo"],"url":"https:\/\/ceadvogados.com\/novo\/author\/admin\/"}]}},"_links":{"self":[{"href":"https:\/\/ceadvogados.com\/novo\/wp-json\/wp\/v2\/posts\/1293","targetHints":{"allow":["GET"]}}],"collection":[{"href":"https:\/\/ceadvogados.com\/novo\/wp-json\/wp\/v2\/posts"}],"about":[{"href":"https:\/\/ceadvogados.com\/novo\/wp-json\/wp\/v2\/types\/post"}],"author":[{"embeddable":true,"href":"https:\/\/ceadvogados.com\/novo\/wp-json\/wp\/v2\/users\/1"}],"replies":[{"embeddable":true,"href":"https:\/\/ceadvogados.com\/novo\/wp-json\/wp\/v2\/comments?post=1293"}],"version-history":[{"count":1,"href":"https:\/\/ceadvogados.com\/novo\/wp-json\/wp\/v2\/posts\/1293\/revisions"}],"predecessor-version":[{"id":1295,"href":"https:\/\/ceadvogados.com\/novo\/wp-json\/wp\/v2\/posts\/1293\/revisions\/1295"}],"wp:featuredmedia":[{"embeddable":true,"href":"https:\/\/ceadvogados.com\/novo\/wp-json\/wp\/v2\/media\/1294"}],"wp:attachment":[{"href":"https:\/\/ceadvogados.com\/novo\/wp-json\/wp\/v2\/media?parent=1293"}],"wp:term":[{"taxonomy":"category","embeddable":true,"href":"https:\/\/ceadvogados.com\/novo\/wp-json\/wp\/v2\/categories?post=1293"},{"taxonomy":"post_tag","embeddable":true,"href":"https:\/\/ceadvogados.com\/novo\/wp-json\/wp\/v2\/tags?post=1293"}],"curies":[{"name":"wp","href":"https:\/\/api.w.org\/{rel}","templated":true}]}}