{"id":1205,"date":"2025-06-13T13:54:47","date_gmt":"2025-06-13T13:54:47","guid":{"rendered":"https:\/\/ceadvogados.com\/novo\/?p=1205"},"modified":"2025-06-13T13:54:47","modified_gmt":"2025-06-13T13:54:47","slug":"reducao-de-jornada-de-trabalho-para-pais-de-filhos-autistas-na-iniciativa-privada-e-possivel-manter-o-salario-integral","status":"publish","type":"post","link":"https:\/\/ceadvogados.com\/novo\/2025\/06\/13\/reducao-de-jornada-de-trabalho-para-pais-de-filhos-autistas-na-iniciativa-privada-e-possivel-manter-o-salario-integral\/","title":{"rendered":"Redu\u00e7\u00e3o de jornada de trabalho para pais de filhos autistas na iniciativa privada: \u00e9 poss\u00edvel manter o sal\u00e1rio integral?"},"content":{"rendered":"<p><em>A jornada reduzida sem desconto no sal\u00e1rio tem sido garantida pela Justi\u00e7a em alguns casos. Entenda como funciona e o que fazer quando h\u00e1 recusa da empresa.<\/em><\/p>\n<p>Pais e respons\u00e1veis por crian\u00e7as com Transtorno do Espectro Autista (TEA) enfrentam desafios di\u00e1rios que v\u00e3o muito al\u00e9m da rotina de um trabalho comum. Consultas, terapias e o cuidado constante exigem tempo e presen\u00e7a ativa. Por isso, muitos profissionais t\u00eam buscado a redu\u00e7\u00e3o da jornada de trabalho \u2014 sem a perda de parte do sal\u00e1rio \u2014 como forma de conciliar a vida profissional com as necessidades da fam\u00edlia.<\/p>\n<p>Mas ser\u00e1 que esse direito \u00e9 garantido tamb\u00e9m para quem trabalha com carteira assinada, na iniciativa privada? Neste artigo, explicamos o que diz a Justi\u00e7a do Trabalho sobre o tema e quando \u00e9 poss\u00edvel recorrer a apoio jur\u00eddico para conquistar esse benef\u00edcio.<\/p>\n<h3>O que diz a legisla\u00e7\u00e3o?<\/h3>\n<p>A legisla\u00e7\u00e3o brasileira garante a redu\u00e7\u00e3o da jornada de trabalho para servidores p\u00fablicos federais que sejam pais de pessoas com defici\u00eancia, incluindo o autismo. A Lei n\u00ba 13.370\/2016 assegura a diminui\u00e7\u00e3o da carga hor\u00e1ria sem redu\u00e7\u00e3o salarial, desde que comprovada a necessidade de acompanhamento direto do filho.<\/p>\n<p>Na iniciativa privada, por\u00e9m, a Consolida\u00e7\u00e3o das Leis do Trabalho (CLT) ainda n\u00e3o prev\u00ea expressamente esse direito. Mesmo assim, decis\u00f5es recentes da Justi\u00e7a t\u00eam reconhecido a possibilidade da redu\u00e7\u00e3o da jornada de trabalho para pais de crian\u00e7as autistas sem o corte de sal\u00e1rio, com base em princ\u00edpios constitucionais como o da dignidade da pessoa humana, prote\u00e7\u00e3o \u00e0 fam\u00edlia e o direito \u00e0 inclus\u00e3o da pessoa com defici\u00eancia.<\/p>\n<h3>Decis\u00f5es judiciais favor\u00e1veis j\u00e1 existem<\/h3>\n<p>Diversos tribunais regionais e o Tribunal Superior do Trabalho (TST) j\u00e1 firmaram entendimentos favor\u00e1veis \u00e0 redu\u00e7\u00e3o da jornada, mesmo para trabalhadores da iniciativa privada.<\/p>\n<p>Um dos casos mais emblem\u00e1ticos foi o de uma m\u00e3e de g\u00eameas com autismo que obteve na Justi\u00e7a o direito de trabalhar quatro horas por dia, sem redu\u00e7\u00e3o de sal\u00e1rio. A decis\u00e3o reconheceu que a presen\u00e7a da m\u00e3e era fundamental para o acompanhamento terap\u00eautico e escolar das filhas, e que o direito ao trabalho n\u00e3o pode se sobrepor \u00e0 prote\u00e7\u00e3o da inf\u00e2ncia e da pessoa com defici\u00eancia.<\/p>\n<h3>O que \u00e9 necess\u00e1rio para solicitar?<\/h3>\n<p>Para que esse tipo de pedido tenha chance de sucesso, \u00e9 importante apresentar:<\/p>\n<ul>\n<li>Laudo m\u00e9dico atualizado com o diagn\u00f3stico do autismo (CID-10)<\/li>\n<li>Relat\u00f3rios de profissionais da sa\u00fade ou educa\u00e7\u00e3o indicando a necessidade de acompanhamento frequente<\/li>\n<li>Comprova\u00e7\u00e3o de que o pai ou m\u00e3e \u00e9 quem realiza os cuidados e acompanhamentos<\/li>\n<\/ul>\n<p>Al\u00e9m disso, o ideal \u00e9 que o pedido seja feito, inicialmente, de forma administrativa \u2014 ou seja, diretamente ao empregador. Caso haja recusa, o caminho pode ser a via judicial, por meio de uma a\u00e7\u00e3o na Justi\u00e7a do Trabalho.<\/p>\n<h3>\u00c9 poss\u00edvel perder o emprego ao pedir?<\/h3>\n<p>A legisla\u00e7\u00e3o n\u00e3o garante estabilidade autom\u00e1tica nesses casos. No entanto, se o trabalhador \u00e9 dispensado ap\u00f3s solicitar ou conquistar a redu\u00e7\u00e3o de jornada por decis\u00e3o judicial, pode haver ind\u00edcios de retalia\u00e7\u00e3o, o que pode gerar consequ\u00eancias legais para a empresa.<\/p>\n<p>Por isso, \u00e9 fundamental contar com orienta\u00e7\u00e3o jur\u00eddica antes de qualquer passo \u2014 inclusive para avaliar a melhor forma de apresentar o pedido ao empregador e resguardar todos os direitos.<\/p>\n<h3>Quando buscar apoio jur\u00eddico?<\/h3>\n<p>Se a empresa negar o pedido ou houver resist\u00eancia injustificada, o apoio jur\u00eddico pode ser essencial. Um advogado com experi\u00eancia na \u00e1rea trabalhista pode analisar os documentos, preparar o pedido e, se necess\u00e1rio, ingressar com uma a\u00e7\u00e3o judicial para garantir a redu\u00e7\u00e3o da jornada com a manuten\u00e7\u00e3o do sal\u00e1rio.<\/p>\n<p>Al\u00e9m disso, o acompanhamento profissional \u00e9 importante para garantir que todos os fundamentos legais \u2014 inclusive decis\u00f5es judiciais anteriores e princ\u00edpios constitucionais \u2014 sejam corretamente apresentados.<\/p>\n<h3>Um direito que merece visibilidade<\/h3>\n<p>Embora a CLT ainda n\u00e3o preveja expressamente esse direito, os tribunais t\u00eam avan\u00e7ado na prote\u00e7\u00e3o de pais de crian\u00e7as com autismo, reconhecendo a import\u00e2ncia do conv\u00edvio e do acompanhamento pr\u00f3ximo para o desenvolvimento dessas crian\u00e7as.<\/p>\n<p>Se voc\u00ea \u00e9 pai ou m\u00e3e de uma crian\u00e7a com TEA e enfrenta dificuldades para conciliar o trabalho com os cuidados necess\u00e1rios, fique atento: a redu\u00e7\u00e3o da jornada sem perda de sal\u00e1rio pode ser um caminho poss\u00edvel \u2014 e a Justi\u00e7a tem dado respaldo a quem busca esse direito.<\/p>\n<p>Caso precise de orienta\u00e7\u00e3o sobre como agir, considere buscar apoio jur\u00eddico especializado. Garantir os seus direitos tamb\u00e9m \u00e9 garantir o bem-estar do seu filho.<\/p>\n<p><em><strong>Dr. Allan de Oliveira Campos \u2013 Advogado Especializado em Direito M\u00e9dico da Sa\u00fade<br \/>\nOAB\/RJ 163.228<\/strong><\/em><\/p>\n<p><img decoding=\"async\" class=\"emoji\" role=\"img\" draggable=\"false\" src=\"https:\/\/s.w.org\/images\/core\/emoji\/15.0.3\/svg\/1f4de.svg\" alt=\"\ud83d\udcde\" \/>\u00a0(21) 98322-2913<br \/>\n<img decoding=\"async\" class=\"emoji\" role=\"img\" draggable=\"false\" src=\"https:\/\/s.w.org\/images\/core\/emoji\/15.0.3\/svg\/1f4e7.svg\" alt=\"\ud83d\udce7\" \/>\u00a0contato@ceadvogados.com<br \/>\n<img decoding=\"async\" class=\"emoji\" role=\"img\" draggable=\"false\" src=\"https:\/\/s.w.org\/images\/core\/emoji\/15.0.3\/svg\/1f4cd.svg\" alt=\"\ud83d\udccd\" \/>\u00a0Rua da Concei\u00e7\u00e3o, 95\/1204, Centro, Niter\u00f3i-RJ<\/p>\n","protected":false},"excerpt":{"rendered":"<p>A jornada reduzida sem desconto no sal\u00e1rio tem sido garantida pela Justi\u00e7a em alguns casos. Entenda como funciona e o que fazer quando h\u00e1 recusa da empresa. Pais e respons\u00e1veis por crian\u00e7as com Transtorno do Espectro Autista (TEA) enfrentam desafios di\u00e1rios que v\u00e3o muito al\u00e9m da rotina de um trabalho comum. Consultas, terapias e o cuidado constante exigem tempo e presen\u00e7a ativa. Por isso, muitos profissionais t\u00eam buscado a redu\u00e7\u00e3o da jornada de trabalho \u2014 sem a perda de parte do sal\u00e1rio \u2014 como forma de conciliar a vida profissional com as necessidades da fam\u00edlia. Mas ser\u00e1 que esse direito \u00e9 garantido tamb\u00e9m para quem trabalha com carteira assinada, na iniciativa privada? Neste artigo, explicamos o que diz a Justi\u00e7a do Trabalho sobre o tema e quando \u00e9 poss\u00edvel recorrer a apoio jur\u00eddico para conquistar esse benef\u00edcio. O que diz a legisla\u00e7\u00e3o? A legisla\u00e7\u00e3o brasileira garante a redu\u00e7\u00e3o da jornada de trabalho para servidores p\u00fablicos federais que sejam pais de pessoas com defici\u00eancia, incluindo o autismo. A Lei n\u00ba 13.370\/2016 assegura a diminui\u00e7\u00e3o da carga hor\u00e1ria sem redu\u00e7\u00e3o salarial, desde que comprovada a necessidade de acompanhamento direto do filho. Na iniciativa privada, por\u00e9m, a Consolida\u00e7\u00e3o das Leis do Trabalho (CLT) ainda n\u00e3o prev\u00ea expressamente esse direito. Mesmo assim, decis\u00f5es recentes da Justi\u00e7a t\u00eam reconhecido a possibilidade da redu\u00e7\u00e3o da jornada de trabalho para pais de crian\u00e7as autistas sem o corte de sal\u00e1rio, com base em princ\u00edpios constitucionais como o da dignidade da pessoa humana, prote\u00e7\u00e3o \u00e0 fam\u00edlia e o direito \u00e0 inclus\u00e3o da pessoa com defici\u00eancia. Decis\u00f5es judiciais favor\u00e1veis j\u00e1 existem Diversos tribunais regionais e o Tribunal Superior do Trabalho (TST) j\u00e1 firmaram entendimentos favor\u00e1veis \u00e0 redu\u00e7\u00e3o da jornada, mesmo para trabalhadores da iniciativa privada. Um dos casos mais emblem\u00e1ticos foi o de uma m\u00e3e de g\u00eameas com autismo que obteve na Justi\u00e7a o direito de trabalhar quatro horas por dia, sem redu\u00e7\u00e3o de sal\u00e1rio. A decis\u00e3o reconheceu que a presen\u00e7a da m\u00e3e era fundamental para o acompanhamento terap\u00eautico e escolar das filhas, e que o direito ao trabalho n\u00e3o pode se sobrepor \u00e0 prote\u00e7\u00e3o da inf\u00e2ncia e da pessoa com defici\u00eancia. O que \u00e9 necess\u00e1rio para solicitar? Para que esse tipo de pedido tenha chance de sucesso, \u00e9 importante apresentar: Laudo m\u00e9dico atualizado com o diagn\u00f3stico do autismo (CID-10) Relat\u00f3rios de profissionais da sa\u00fade ou educa\u00e7\u00e3o indicando a necessidade de acompanhamento frequente Comprova\u00e7\u00e3o de que o pai ou m\u00e3e \u00e9 quem realiza os cuidados e acompanhamentos Al\u00e9m disso, o ideal \u00e9 que o pedido seja feito, inicialmente, de forma administrativa \u2014 ou seja, diretamente ao empregador. Caso haja recusa, o caminho pode ser a via judicial, por meio de uma a\u00e7\u00e3o na Justi\u00e7a do Trabalho. \u00c9 poss\u00edvel perder o emprego ao pedir? A legisla\u00e7\u00e3o n\u00e3o garante estabilidade autom\u00e1tica nesses casos. No entanto, se o trabalhador \u00e9 dispensado ap\u00f3s solicitar ou conquistar a redu\u00e7\u00e3o de jornada por decis\u00e3o judicial, pode haver ind\u00edcios de retalia\u00e7\u00e3o, o que pode gerar consequ\u00eancias legais para a empresa. Por isso, \u00e9 fundamental contar com orienta\u00e7\u00e3o jur\u00eddica antes de qualquer passo \u2014 inclusive para avaliar a melhor forma de apresentar o pedido ao empregador e resguardar todos os direitos. Quando buscar apoio jur\u00eddico? Se a empresa negar o pedido ou houver resist\u00eancia injustificada, o apoio jur\u00eddico pode ser essencial. Um advogado com experi\u00eancia na \u00e1rea trabalhista pode analisar os documentos, preparar o pedido e, se necess\u00e1rio, ingressar com uma a\u00e7\u00e3o judicial para garantir a redu\u00e7\u00e3o da jornada com a manuten\u00e7\u00e3o do sal\u00e1rio. Al\u00e9m disso, o acompanhamento profissional \u00e9 importante para garantir que todos os fundamentos legais \u2014 inclusive decis\u00f5es judiciais anteriores e princ\u00edpios constitucionais \u2014 sejam corretamente apresentados. Um direito que merece visibilidade Embora a CLT ainda n\u00e3o preveja expressamente esse direito, os tribunais t\u00eam avan\u00e7ado na prote\u00e7\u00e3o de pais de crian\u00e7as com autismo, reconhecendo a import\u00e2ncia do conv\u00edvio e do acompanhamento pr\u00f3ximo para o desenvolvimento dessas crian\u00e7as. Se voc\u00ea \u00e9 pai ou m\u00e3e de uma crian\u00e7a com TEA e enfrenta dificuldades para conciliar o trabalho com os cuidados necess\u00e1rios, fique atento: a redu\u00e7\u00e3o da jornada sem perda de sal\u00e1rio pode ser um caminho poss\u00edvel \u2014 e a Justi\u00e7a tem dado respaldo a quem busca esse direito. Caso precise de orienta\u00e7\u00e3o sobre como agir, considere buscar apoio jur\u00eddico especializado. Garantir os seus direitos tamb\u00e9m \u00e9 garantir o bem-estar do seu filho. Dr. Allan de Oliveira Campos \u2013 Advogado Especializado em Direito M\u00e9dico da Sa\u00fade OAB\/RJ 163.228 \u00a0(21) 98322-2913 \u00a0contato@ceadvogados.com \u00a0Rua da Concei\u00e7\u00e3o, 95\/1204, Centro, Niter\u00f3i-RJ<\/p>\n","protected":false},"author":1,"featured_media":1206,"comment_status":"open","ping_status":"open","sticky":false,"template":"","format":"standard","meta":{"footnotes":""},"categories":[1],"tags":[],"class_list":["post-1205","post","type-post","status-publish","format-standard","has-post-thumbnail","hentry","category-artigos"],"yoast_head":"<!-- This site is optimized with the Yoast SEO plugin v27.0 - https:\/\/yoast.com\/product\/yoast-seo-wordpress\/ -->\n<title>Redu\u00e7\u00e3o de jornada de trabalho para pais de filhos autistas na iniciativa privada: \u00e9 poss\u00edvel manter o sal\u00e1rio integral? - Campos e Emerich Advogados<\/title>\n<meta name=\"robots\" content=\"index, follow, max-snippet:-1, max-image-preview:large, max-video-preview:-1\" \/>\n<link rel=\"canonical\" href=\"https:\/\/ceadvogados.com\/novo\/2025\/06\/13\/reducao-de-jornada-de-trabalho-para-pais-de-filhos-autistas-na-iniciativa-privada-e-possivel-manter-o-salario-integral\/\" \/>\n<meta property=\"og:locale\" content=\"pt_PT\" \/>\n<meta property=\"og:type\" content=\"article\" \/>\n<meta property=\"og:title\" content=\"Redu\u00e7\u00e3o de jornada de trabalho para pais de filhos autistas na iniciativa privada: \u00e9 poss\u00edvel manter o sal\u00e1rio integral? - Campos e Emerich Advogados\" \/>\n<meta property=\"og:description\" content=\"A jornada reduzida sem desconto no sal\u00e1rio tem sido garantida pela Justi\u00e7a em alguns casos. Entenda como funciona e o que fazer quando h\u00e1 recusa da empresa. Pais e respons\u00e1veis por crian\u00e7as com Transtorno do Espectro Autista (TEA) enfrentam desafios di\u00e1rios que v\u00e3o muito al\u00e9m da rotina de um trabalho comum. Consultas, terapias e o cuidado constante exigem tempo e presen\u00e7a ativa. Por isso, muitos profissionais t\u00eam buscado a redu\u00e7\u00e3o da jornada de trabalho \u2014 sem a perda de parte do sal\u00e1rio \u2014 como forma de conciliar a vida profissional com as necessidades da fam\u00edlia. Mas ser\u00e1 que esse direito \u00e9 garantido tamb\u00e9m para quem trabalha com carteira assinada, na iniciativa privada? Neste artigo, explicamos o que diz a Justi\u00e7a do Trabalho sobre o tema e quando \u00e9 poss\u00edvel recorrer a apoio jur\u00eddico para conquistar esse benef\u00edcio. O que diz a legisla\u00e7\u00e3o? A legisla\u00e7\u00e3o brasileira garante a redu\u00e7\u00e3o da jornada de trabalho para servidores p\u00fablicos federais que sejam pais de pessoas com defici\u00eancia, incluindo o autismo. A Lei n\u00ba 13.370\/2016 assegura a diminui\u00e7\u00e3o da carga hor\u00e1ria sem redu\u00e7\u00e3o salarial, desde que comprovada a necessidade de acompanhamento direto do filho. Na iniciativa privada, por\u00e9m, a Consolida\u00e7\u00e3o das Leis do Trabalho (CLT) ainda n\u00e3o prev\u00ea expressamente esse direito. Mesmo assim, decis\u00f5es recentes da Justi\u00e7a t\u00eam reconhecido a possibilidade da redu\u00e7\u00e3o da jornada de trabalho para pais de crian\u00e7as autistas sem o corte de sal\u00e1rio, com base em princ\u00edpios constitucionais como o da dignidade da pessoa humana, prote\u00e7\u00e3o \u00e0 fam\u00edlia e o direito \u00e0 inclus\u00e3o da pessoa com defici\u00eancia. Decis\u00f5es judiciais favor\u00e1veis j\u00e1 existem Diversos tribunais regionais e o Tribunal Superior do Trabalho (TST) j\u00e1 firmaram entendimentos favor\u00e1veis \u00e0 redu\u00e7\u00e3o da jornada, mesmo para trabalhadores da iniciativa privada. Um dos casos mais emblem\u00e1ticos foi o de uma m\u00e3e de g\u00eameas com autismo que obteve na Justi\u00e7a o direito de trabalhar quatro horas por dia, sem redu\u00e7\u00e3o de sal\u00e1rio. A decis\u00e3o reconheceu que a presen\u00e7a da m\u00e3e era fundamental para o acompanhamento terap\u00eautico e escolar das filhas, e que o direito ao trabalho n\u00e3o pode se sobrepor \u00e0 prote\u00e7\u00e3o da inf\u00e2ncia e da pessoa com defici\u00eancia. O que \u00e9 necess\u00e1rio para solicitar? Para que esse tipo de pedido tenha chance de sucesso, \u00e9 importante apresentar: Laudo m\u00e9dico atualizado com o diagn\u00f3stico do autismo (CID-10) Relat\u00f3rios de profissionais da sa\u00fade ou educa\u00e7\u00e3o indicando a necessidade de acompanhamento frequente Comprova\u00e7\u00e3o de que o pai ou m\u00e3e \u00e9 quem realiza os cuidados e acompanhamentos Al\u00e9m disso, o ideal \u00e9 que o pedido seja feito, inicialmente, de forma administrativa \u2014 ou seja, diretamente ao empregador. Caso haja recusa, o caminho pode ser a via judicial, por meio de uma a\u00e7\u00e3o na Justi\u00e7a do Trabalho. \u00c9 poss\u00edvel perder o emprego ao pedir? A legisla\u00e7\u00e3o n\u00e3o garante estabilidade autom\u00e1tica nesses casos. No entanto, se o trabalhador \u00e9 dispensado ap\u00f3s solicitar ou conquistar a redu\u00e7\u00e3o de jornada por decis\u00e3o judicial, pode haver ind\u00edcios de retalia\u00e7\u00e3o, o que pode gerar consequ\u00eancias legais para a empresa. Por isso, \u00e9 fundamental contar com orienta\u00e7\u00e3o jur\u00eddica antes de qualquer passo \u2014 inclusive para avaliar a melhor forma de apresentar o pedido ao empregador e resguardar todos os direitos. Quando buscar apoio jur\u00eddico? Se a empresa negar o pedido ou houver resist\u00eancia injustificada, o apoio jur\u00eddico pode ser essencial. Um advogado com experi\u00eancia na \u00e1rea trabalhista pode analisar os documentos, preparar o pedido e, se necess\u00e1rio, ingressar com uma a\u00e7\u00e3o judicial para garantir a redu\u00e7\u00e3o da jornada com a manuten\u00e7\u00e3o do sal\u00e1rio. Al\u00e9m disso, o acompanhamento profissional \u00e9 importante para garantir que todos os fundamentos legais \u2014 inclusive decis\u00f5es judiciais anteriores e princ\u00edpios constitucionais \u2014 sejam corretamente apresentados. Um direito que merece visibilidade Embora a CLT ainda n\u00e3o preveja expressamente esse direito, os tribunais t\u00eam avan\u00e7ado na prote\u00e7\u00e3o de pais de crian\u00e7as com autismo, reconhecendo a import\u00e2ncia do conv\u00edvio e do acompanhamento pr\u00f3ximo para o desenvolvimento dessas crian\u00e7as. Se voc\u00ea \u00e9 pai ou m\u00e3e de uma crian\u00e7a com TEA e enfrenta dificuldades para conciliar o trabalho com os cuidados necess\u00e1rios, fique atento: a redu\u00e7\u00e3o da jornada sem perda de sal\u00e1rio pode ser um caminho poss\u00edvel \u2014 e a Justi\u00e7a tem dado respaldo a quem busca esse direito. Caso precise de orienta\u00e7\u00e3o sobre como agir, considere buscar apoio jur\u00eddico especializado. Garantir os seus direitos tamb\u00e9m \u00e9 garantir o bem-estar do seu filho. Dr. Allan de Oliveira Campos \u2013 Advogado Especializado em Direito M\u00e9dico da Sa\u00fade OAB\/RJ 163.228 \u00a0(21) 98322-2913 \u00a0contato@ceadvogados.com \u00a0Rua da Concei\u00e7\u00e3o, 95\/1204, Centro, Niter\u00f3i-RJ\" \/>\n<meta property=\"og:url\" content=\"https:\/\/ceadvogados.com\/novo\/2025\/06\/13\/reducao-de-jornada-de-trabalho-para-pais-de-filhos-autistas-na-iniciativa-privada-e-possivel-manter-o-salario-integral\/\" \/>\n<meta property=\"og:site_name\" content=\"Campos e Emerich Advogados\" \/>\n<meta property=\"article:publisher\" content=\"https:\/\/www.facebook.com\/profile.php?id=61551895715380&amp;mibextid=9R9pXO\" \/>\n<meta property=\"article:published_time\" content=\"2025-06-13T13:54:47+00:00\" \/>\n<meta property=\"og:image\" content=\"https:\/\/ceadvogados.com\/novo\/wp-content\/uploads\/2025\/06\/Familia-unida-diante-de-fundo-neutro.png\" \/>\n\t<meta property=\"og:image:width\" content=\"1024\" \/>\n\t<meta property=\"og:image:height\" content=\"1024\" \/>\n\t<meta property=\"og:image:type\" content=\"image\/png\" \/>\n<meta name=\"author\" content=\"admin\" \/>\n<meta name=\"twitter:card\" content=\"summary_large_image\" \/>\n<meta name=\"twitter:label1\" content=\"Escrito por\" \/>\n\t<meta name=\"twitter:data1\" content=\"admin\" \/>\n\t<meta name=\"twitter:label2\" content=\"Tempo estimado de leitura\" \/>\n\t<meta name=\"twitter:data2\" content=\"5 minutos\" \/>\n<script type=\"application\/ld+json\" class=\"yoast-schema-graph\">{\"@context\":\"https:\/\/schema.org\",\"@graph\":[{\"@type\":\"Article\",\"@id\":\"https:\/\/ceadvogados.com\/novo\/2025\/06\/13\/reducao-de-jornada-de-trabalho-para-pais-de-filhos-autistas-na-iniciativa-privada-e-possivel-manter-o-salario-integral\/#article\",\"isPartOf\":{\"@id\":\"https:\/\/ceadvogados.com\/novo\/2025\/06\/13\/reducao-de-jornada-de-trabalho-para-pais-de-filhos-autistas-na-iniciativa-privada-e-possivel-manter-o-salario-integral\/\"},\"author\":{\"name\":\"admin\",\"@id\":\"https:\/\/ceadvogados.com\/novo\/#\/schema\/person\/f83534c76457622c0d791075e8662943\"},\"headline\":\"Redu\u00e7\u00e3o de jornada de trabalho para pais de filhos autistas na iniciativa privada: \u00e9 poss\u00edvel manter o sal\u00e1rio integral?\",\"datePublished\":\"2025-06-13T13:54:47+00:00\",\"mainEntityOfPage\":{\"@id\":\"https:\/\/ceadvogados.com\/novo\/2025\/06\/13\/reducao-de-jornada-de-trabalho-para-pais-de-filhos-autistas-na-iniciativa-privada-e-possivel-manter-o-salario-integral\/\"},\"wordCount\":850,\"commentCount\":0,\"publisher\":{\"@id\":\"https:\/\/ceadvogados.com\/novo\/#organization\"},\"image\":{\"@id\":\"https:\/\/ceadvogados.com\/novo\/2025\/06\/13\/reducao-de-jornada-de-trabalho-para-pais-de-filhos-autistas-na-iniciativa-privada-e-possivel-manter-o-salario-integral\/#primaryimage\"},\"thumbnailUrl\":\"https:\/\/ceadvogados.com\/novo\/wp-content\/uploads\/2025\/06\/Familia-unida-diante-de-fundo-neutro.png\",\"articleSection\":[\"Artigos\"],\"inLanguage\":\"pt-PT\",\"potentialAction\":[{\"@type\":\"CommentAction\",\"name\":\"Comment\",\"target\":[\"https:\/\/ceadvogados.com\/novo\/2025\/06\/13\/reducao-de-jornada-de-trabalho-para-pais-de-filhos-autistas-na-iniciativa-privada-e-possivel-manter-o-salario-integral\/#respond\"]}]},{\"@type\":\"WebPage\",\"@id\":\"https:\/\/ceadvogados.com\/novo\/2025\/06\/13\/reducao-de-jornada-de-trabalho-para-pais-de-filhos-autistas-na-iniciativa-privada-e-possivel-manter-o-salario-integral\/\",\"url\":\"https:\/\/ceadvogados.com\/novo\/2025\/06\/13\/reducao-de-jornada-de-trabalho-para-pais-de-filhos-autistas-na-iniciativa-privada-e-possivel-manter-o-salario-integral\/\",\"name\":\"Redu\u00e7\u00e3o de jornada de trabalho para pais de filhos autistas na iniciativa privada: \u00e9 poss\u00edvel manter o sal\u00e1rio integral? - Campos e Emerich Advogados\",\"isPartOf\":{\"@id\":\"https:\/\/ceadvogados.com\/novo\/#website\"},\"primaryImageOfPage\":{\"@id\":\"https:\/\/ceadvogados.com\/novo\/2025\/06\/13\/reducao-de-jornada-de-trabalho-para-pais-de-filhos-autistas-na-iniciativa-privada-e-possivel-manter-o-salario-integral\/#primaryimage\"},\"image\":{\"@id\":\"https:\/\/ceadvogados.com\/novo\/2025\/06\/13\/reducao-de-jornada-de-trabalho-para-pais-de-filhos-autistas-na-iniciativa-privada-e-possivel-manter-o-salario-integral\/#primaryimage\"},\"thumbnailUrl\":\"https:\/\/ceadvogados.com\/novo\/wp-content\/uploads\/2025\/06\/Familia-unida-diante-de-fundo-neutro.png\",\"datePublished\":\"2025-06-13T13:54:47+00:00\",\"breadcrumb\":{\"@id\":\"https:\/\/ceadvogados.com\/novo\/2025\/06\/13\/reducao-de-jornada-de-trabalho-para-pais-de-filhos-autistas-na-iniciativa-privada-e-possivel-manter-o-salario-integral\/#breadcrumb\"},\"inLanguage\":\"pt-PT\",\"potentialAction\":[{\"@type\":\"ReadAction\",\"target\":[\"https:\/\/ceadvogados.com\/novo\/2025\/06\/13\/reducao-de-jornada-de-trabalho-para-pais-de-filhos-autistas-na-iniciativa-privada-e-possivel-manter-o-salario-integral\/\"]}]},{\"@type\":\"ImageObject\",\"inLanguage\":\"pt-PT\",\"@id\":\"https:\/\/ceadvogados.com\/novo\/2025\/06\/13\/reducao-de-jornada-de-trabalho-para-pais-de-filhos-autistas-na-iniciativa-privada-e-possivel-manter-o-salario-integral\/#primaryimage\",\"url\":\"https:\/\/ceadvogados.com\/novo\/wp-content\/uploads\/2025\/06\/Familia-unida-diante-de-fundo-neutro.png\",\"contentUrl\":\"https:\/\/ceadvogados.com\/novo\/wp-content\/uploads\/2025\/06\/Familia-unida-diante-de-fundo-neutro.png\",\"width\":1024,\"height\":1024},{\"@type\":\"BreadcrumbList\",\"@id\":\"https:\/\/ceadvogados.com\/novo\/2025\/06\/13\/reducao-de-jornada-de-trabalho-para-pais-de-filhos-autistas-na-iniciativa-privada-e-possivel-manter-o-salario-integral\/#breadcrumb\",\"itemListElement\":[{\"@type\":\"ListItem\",\"position\":1,\"name\":\"In\u00edcio\",\"item\":\"https:\/\/ceadvogados.com\/novo\/\"},{\"@type\":\"ListItem\",\"position\":2,\"name\":\"Redu\u00e7\u00e3o de jornada de trabalho para pais de filhos autistas na iniciativa privada: \u00e9 poss\u00edvel manter o sal\u00e1rio integral?\"}]},{\"@type\":\"WebSite\",\"@id\":\"https:\/\/ceadvogados.com\/novo\/#website\",\"url\":\"https:\/\/ceadvogados.com\/novo\/\",\"name\":\"Campos & Emerich Advogados\",\"description\":\"\",\"publisher\":{\"@id\":\"https:\/\/ceadvogados.com\/novo\/#organization\"},\"potentialAction\":[{\"@type\":\"SearchAction\",\"target\":{\"@type\":\"EntryPoint\",\"urlTemplate\":\"https:\/\/ceadvogados.com\/novo\/?s={search_term_string}\"},\"query-input\":{\"@type\":\"PropertyValueSpecification\",\"valueRequired\":true,\"valueName\":\"search_term_string\"}}],\"inLanguage\":\"pt-PT\"},{\"@type\":\"Organization\",\"@id\":\"https:\/\/ceadvogados.com\/novo\/#organization\",\"name\":\"Campos & Emerich Advogados\",\"url\":\"https:\/\/ceadvogados.com\/novo\/\",\"logo\":{\"@type\":\"ImageObject\",\"inLanguage\":\"pt-PT\",\"@id\":\"https:\/\/ceadvogados.com\/novo\/#\/schema\/logo\/image\/\",\"url\":\"https:\/\/ceadvogados.com\/novo\/wp-content\/uploads\/2025\/02\/campos-e-emerich-advogados.jpg\",\"contentUrl\":\"https:\/\/ceadvogados.com\/novo\/wp-content\/uploads\/2025\/02\/campos-e-emerich-advogados.jpg\",\"width\":810,\"height\":810,\"caption\":\"Campos & Emerich Advogados\"},\"image\":{\"@id\":\"https:\/\/ceadvogados.com\/novo\/#\/schema\/logo\/image\/\"},\"sameAs\":[\"https:\/\/www.facebook.com\/profile.php?id=61551895715380&mibextid=9R9pXO\",\"https:\/\/www.instagram.com\/ce.advogados?igshid=ZXJ1MHV4azFwbm1z\"]},{\"@type\":\"Person\",\"@id\":\"https:\/\/ceadvogados.com\/novo\/#\/schema\/person\/f83534c76457622c0d791075e8662943\",\"name\":\"admin\",\"image\":{\"@type\":\"ImageObject\",\"inLanguage\":\"pt-PT\",\"@id\":\"https:\/\/ceadvogados.com\/novo\/#\/schema\/person\/image\/\",\"url\":\"https:\/\/secure.gravatar.com\/avatar\/79dcbdb2b6bdd7817cb53be05a85960f828f05e25b12ed0288673f8f13407b90?s=96&d=mm&r=g\",\"contentUrl\":\"https:\/\/secure.gravatar.com\/avatar\/79dcbdb2b6bdd7817cb53be05a85960f828f05e25b12ed0288673f8f13407b90?s=96&d=mm&r=g\",\"caption\":\"admin\"},\"sameAs\":[\"https:\/\/ceadvogados.com\/novo\"],\"url\":\"https:\/\/ceadvogados.com\/novo\/author\/admin\/\"}]}<\/script>\n<!-- \/ Yoast SEO plugin. -->","yoast_head_json":{"title":"Redu\u00e7\u00e3o de jornada de trabalho para pais de filhos autistas na iniciativa privada: \u00e9 poss\u00edvel manter o sal\u00e1rio integral? - Campos e Emerich Advogados","robots":{"index":"index","follow":"follow","max-snippet":"max-snippet:-1","max-image-preview":"max-image-preview:large","max-video-preview":"max-video-preview:-1"},"canonical":"https:\/\/ceadvogados.com\/novo\/2025\/06\/13\/reducao-de-jornada-de-trabalho-para-pais-de-filhos-autistas-na-iniciativa-privada-e-possivel-manter-o-salario-integral\/","og_locale":"pt_PT","og_type":"article","og_title":"Redu\u00e7\u00e3o de jornada de trabalho para pais de filhos autistas na iniciativa privada: \u00e9 poss\u00edvel manter o sal\u00e1rio integral? - Campos e Emerich Advogados","og_description":"A jornada reduzida sem desconto no sal\u00e1rio tem sido garantida pela Justi\u00e7a em alguns casos. Entenda como funciona e o que fazer quando h\u00e1 recusa da empresa. Pais e respons\u00e1veis por crian\u00e7as com Transtorno do Espectro Autista (TEA) enfrentam desafios di\u00e1rios que v\u00e3o muito al\u00e9m da rotina de um trabalho comum. Consultas, terapias e o cuidado constante exigem tempo e presen\u00e7a ativa. Por isso, muitos profissionais t\u00eam buscado a redu\u00e7\u00e3o da jornada de trabalho \u2014 sem a perda de parte do sal\u00e1rio \u2014 como forma de conciliar a vida profissional com as necessidades da fam\u00edlia. Mas ser\u00e1 que esse direito \u00e9 garantido tamb\u00e9m para quem trabalha com carteira assinada, na iniciativa privada? Neste artigo, explicamos o que diz a Justi\u00e7a do Trabalho sobre o tema e quando \u00e9 poss\u00edvel recorrer a apoio jur\u00eddico para conquistar esse benef\u00edcio. O que diz a legisla\u00e7\u00e3o? A legisla\u00e7\u00e3o brasileira garante a redu\u00e7\u00e3o da jornada de trabalho para servidores p\u00fablicos federais que sejam pais de pessoas com defici\u00eancia, incluindo o autismo. A Lei n\u00ba 13.370\/2016 assegura a diminui\u00e7\u00e3o da carga hor\u00e1ria sem redu\u00e7\u00e3o salarial, desde que comprovada a necessidade de acompanhamento direto do filho. Na iniciativa privada, por\u00e9m, a Consolida\u00e7\u00e3o das Leis do Trabalho (CLT) ainda n\u00e3o prev\u00ea expressamente esse direito. Mesmo assim, decis\u00f5es recentes da Justi\u00e7a t\u00eam reconhecido a possibilidade da redu\u00e7\u00e3o da jornada de trabalho para pais de crian\u00e7as autistas sem o corte de sal\u00e1rio, com base em princ\u00edpios constitucionais como o da dignidade da pessoa humana, prote\u00e7\u00e3o \u00e0 fam\u00edlia e o direito \u00e0 inclus\u00e3o da pessoa com defici\u00eancia. Decis\u00f5es judiciais favor\u00e1veis j\u00e1 existem Diversos tribunais regionais e o Tribunal Superior do Trabalho (TST) j\u00e1 firmaram entendimentos favor\u00e1veis \u00e0 redu\u00e7\u00e3o da jornada, mesmo para trabalhadores da iniciativa privada. Um dos casos mais emblem\u00e1ticos foi o de uma m\u00e3e de g\u00eameas com autismo que obteve na Justi\u00e7a o direito de trabalhar quatro horas por dia, sem redu\u00e7\u00e3o de sal\u00e1rio. A decis\u00e3o reconheceu que a presen\u00e7a da m\u00e3e era fundamental para o acompanhamento terap\u00eautico e escolar das filhas, e que o direito ao trabalho n\u00e3o pode se sobrepor \u00e0 prote\u00e7\u00e3o da inf\u00e2ncia e da pessoa com defici\u00eancia. O que \u00e9 necess\u00e1rio para solicitar? Para que esse tipo de pedido tenha chance de sucesso, \u00e9 importante apresentar: Laudo m\u00e9dico atualizado com o diagn\u00f3stico do autismo (CID-10) Relat\u00f3rios de profissionais da sa\u00fade ou educa\u00e7\u00e3o indicando a necessidade de acompanhamento frequente Comprova\u00e7\u00e3o de que o pai ou m\u00e3e \u00e9 quem realiza os cuidados e acompanhamentos Al\u00e9m disso, o ideal \u00e9 que o pedido seja feito, inicialmente, de forma administrativa \u2014 ou seja, diretamente ao empregador. Caso haja recusa, o caminho pode ser a via judicial, por meio de uma a\u00e7\u00e3o na Justi\u00e7a do Trabalho. \u00c9 poss\u00edvel perder o emprego ao pedir? A legisla\u00e7\u00e3o n\u00e3o garante estabilidade autom\u00e1tica nesses casos. No entanto, se o trabalhador \u00e9 dispensado ap\u00f3s solicitar ou conquistar a redu\u00e7\u00e3o de jornada por decis\u00e3o judicial, pode haver ind\u00edcios de retalia\u00e7\u00e3o, o que pode gerar consequ\u00eancias legais para a empresa. Por isso, \u00e9 fundamental contar com orienta\u00e7\u00e3o jur\u00eddica antes de qualquer passo \u2014 inclusive para avaliar a melhor forma de apresentar o pedido ao empregador e resguardar todos os direitos. Quando buscar apoio jur\u00eddico? Se a empresa negar o pedido ou houver resist\u00eancia injustificada, o apoio jur\u00eddico pode ser essencial. Um advogado com experi\u00eancia na \u00e1rea trabalhista pode analisar os documentos, preparar o pedido e, se necess\u00e1rio, ingressar com uma a\u00e7\u00e3o judicial para garantir a redu\u00e7\u00e3o da jornada com a manuten\u00e7\u00e3o do sal\u00e1rio. Al\u00e9m disso, o acompanhamento profissional \u00e9 importante para garantir que todos os fundamentos legais \u2014 inclusive decis\u00f5es judiciais anteriores e princ\u00edpios constitucionais \u2014 sejam corretamente apresentados. Um direito que merece visibilidade Embora a CLT ainda n\u00e3o preveja expressamente esse direito, os tribunais t\u00eam avan\u00e7ado na prote\u00e7\u00e3o de pais de crian\u00e7as com autismo, reconhecendo a import\u00e2ncia do conv\u00edvio e do acompanhamento pr\u00f3ximo para o desenvolvimento dessas crian\u00e7as. Se voc\u00ea \u00e9 pai ou m\u00e3e de uma crian\u00e7a com TEA e enfrenta dificuldades para conciliar o trabalho com os cuidados necess\u00e1rios, fique atento: a redu\u00e7\u00e3o da jornada sem perda de sal\u00e1rio pode ser um caminho poss\u00edvel \u2014 e a Justi\u00e7a tem dado respaldo a quem busca esse direito. Caso precise de orienta\u00e7\u00e3o sobre como agir, considere buscar apoio jur\u00eddico especializado. Garantir os seus direitos tamb\u00e9m \u00e9 garantir o bem-estar do seu filho. Dr. Allan de Oliveira Campos \u2013 Advogado Especializado em Direito M\u00e9dico da Sa\u00fade OAB\/RJ 163.228 \u00a0(21) 98322-2913 \u00a0contato@ceadvogados.com \u00a0Rua da Concei\u00e7\u00e3o, 95\/1204, Centro, Niter\u00f3i-RJ","og_url":"https:\/\/ceadvogados.com\/novo\/2025\/06\/13\/reducao-de-jornada-de-trabalho-para-pais-de-filhos-autistas-na-iniciativa-privada-e-possivel-manter-o-salario-integral\/","og_site_name":"Campos e Emerich Advogados","article_publisher":"https:\/\/www.facebook.com\/profile.php?id=61551895715380&mibextid=9R9pXO","article_published_time":"2025-06-13T13:54:47+00:00","og_image":[{"width":1024,"height":1024,"url":"https:\/\/ceadvogados.com\/novo\/wp-content\/uploads\/2025\/06\/Familia-unida-diante-de-fundo-neutro.png","type":"image\/png"}],"author":"admin","twitter_card":"summary_large_image","twitter_misc":{"Escrito por":"admin","Tempo estimado de leitura":"5 minutos"},"schema":{"@context":"https:\/\/schema.org","@graph":[{"@type":"Article","@id":"https:\/\/ceadvogados.com\/novo\/2025\/06\/13\/reducao-de-jornada-de-trabalho-para-pais-de-filhos-autistas-na-iniciativa-privada-e-possivel-manter-o-salario-integral\/#article","isPartOf":{"@id":"https:\/\/ceadvogados.com\/novo\/2025\/06\/13\/reducao-de-jornada-de-trabalho-para-pais-de-filhos-autistas-na-iniciativa-privada-e-possivel-manter-o-salario-integral\/"},"author":{"name":"admin","@id":"https:\/\/ceadvogados.com\/novo\/#\/schema\/person\/f83534c76457622c0d791075e8662943"},"headline":"Redu\u00e7\u00e3o de jornada de trabalho para pais de filhos autistas na iniciativa privada: \u00e9 poss\u00edvel manter o sal\u00e1rio integral?","datePublished":"2025-06-13T13:54:47+00:00","mainEntityOfPage":{"@id":"https:\/\/ceadvogados.com\/novo\/2025\/06\/13\/reducao-de-jornada-de-trabalho-para-pais-de-filhos-autistas-na-iniciativa-privada-e-possivel-manter-o-salario-integral\/"},"wordCount":850,"commentCount":0,"publisher":{"@id":"https:\/\/ceadvogados.com\/novo\/#organization"},"image":{"@id":"https:\/\/ceadvogados.com\/novo\/2025\/06\/13\/reducao-de-jornada-de-trabalho-para-pais-de-filhos-autistas-na-iniciativa-privada-e-possivel-manter-o-salario-integral\/#primaryimage"},"thumbnailUrl":"https:\/\/ceadvogados.com\/novo\/wp-content\/uploads\/2025\/06\/Familia-unida-diante-de-fundo-neutro.png","articleSection":["Artigos"],"inLanguage":"pt-PT","potentialAction":[{"@type":"CommentAction","name":"Comment","target":["https:\/\/ceadvogados.com\/novo\/2025\/06\/13\/reducao-de-jornada-de-trabalho-para-pais-de-filhos-autistas-na-iniciativa-privada-e-possivel-manter-o-salario-integral\/#respond"]}]},{"@type":"WebPage","@id":"https:\/\/ceadvogados.com\/novo\/2025\/06\/13\/reducao-de-jornada-de-trabalho-para-pais-de-filhos-autistas-na-iniciativa-privada-e-possivel-manter-o-salario-integral\/","url":"https:\/\/ceadvogados.com\/novo\/2025\/06\/13\/reducao-de-jornada-de-trabalho-para-pais-de-filhos-autistas-na-iniciativa-privada-e-possivel-manter-o-salario-integral\/","name":"Redu\u00e7\u00e3o de jornada de trabalho para pais de filhos autistas na iniciativa privada: \u00e9 poss\u00edvel manter o sal\u00e1rio integral? - Campos e Emerich Advogados","isPartOf":{"@id":"https:\/\/ceadvogados.com\/novo\/#website"},"primaryImageOfPage":{"@id":"https:\/\/ceadvogados.com\/novo\/2025\/06\/13\/reducao-de-jornada-de-trabalho-para-pais-de-filhos-autistas-na-iniciativa-privada-e-possivel-manter-o-salario-integral\/#primaryimage"},"image":{"@id":"https:\/\/ceadvogados.com\/novo\/2025\/06\/13\/reducao-de-jornada-de-trabalho-para-pais-de-filhos-autistas-na-iniciativa-privada-e-possivel-manter-o-salario-integral\/#primaryimage"},"thumbnailUrl":"https:\/\/ceadvogados.com\/novo\/wp-content\/uploads\/2025\/06\/Familia-unida-diante-de-fundo-neutro.png","datePublished":"2025-06-13T13:54:47+00:00","breadcrumb":{"@id":"https:\/\/ceadvogados.com\/novo\/2025\/06\/13\/reducao-de-jornada-de-trabalho-para-pais-de-filhos-autistas-na-iniciativa-privada-e-possivel-manter-o-salario-integral\/#breadcrumb"},"inLanguage":"pt-PT","potentialAction":[{"@type":"ReadAction","target":["https:\/\/ceadvogados.com\/novo\/2025\/06\/13\/reducao-de-jornada-de-trabalho-para-pais-de-filhos-autistas-na-iniciativa-privada-e-possivel-manter-o-salario-integral\/"]}]},{"@type":"ImageObject","inLanguage":"pt-PT","@id":"https:\/\/ceadvogados.com\/novo\/2025\/06\/13\/reducao-de-jornada-de-trabalho-para-pais-de-filhos-autistas-na-iniciativa-privada-e-possivel-manter-o-salario-integral\/#primaryimage","url":"https:\/\/ceadvogados.com\/novo\/wp-content\/uploads\/2025\/06\/Familia-unida-diante-de-fundo-neutro.png","contentUrl":"https:\/\/ceadvogados.com\/novo\/wp-content\/uploads\/2025\/06\/Familia-unida-diante-de-fundo-neutro.png","width":1024,"height":1024},{"@type":"BreadcrumbList","@id":"https:\/\/ceadvogados.com\/novo\/2025\/06\/13\/reducao-de-jornada-de-trabalho-para-pais-de-filhos-autistas-na-iniciativa-privada-e-possivel-manter-o-salario-integral\/#breadcrumb","itemListElement":[{"@type":"ListItem","position":1,"name":"In\u00edcio","item":"https:\/\/ceadvogados.com\/novo\/"},{"@type":"ListItem","position":2,"name":"Redu\u00e7\u00e3o de jornada de trabalho para pais de filhos autistas na iniciativa privada: \u00e9 poss\u00edvel manter o sal\u00e1rio integral?"}]},{"@type":"WebSite","@id":"https:\/\/ceadvogados.com\/novo\/#website","url":"https:\/\/ceadvogados.com\/novo\/","name":"Campos & Emerich Advogados","description":"","publisher":{"@id":"https:\/\/ceadvogados.com\/novo\/#organization"},"potentialAction":[{"@type":"SearchAction","target":{"@type":"EntryPoint","urlTemplate":"https:\/\/ceadvogados.com\/novo\/?s={search_term_string}"},"query-input":{"@type":"PropertyValueSpecification","valueRequired":true,"valueName":"search_term_string"}}],"inLanguage":"pt-PT"},{"@type":"Organization","@id":"https:\/\/ceadvogados.com\/novo\/#organization","name":"Campos & Emerich Advogados","url":"https:\/\/ceadvogados.com\/novo\/","logo":{"@type":"ImageObject","inLanguage":"pt-PT","@id":"https:\/\/ceadvogados.com\/novo\/#\/schema\/logo\/image\/","url":"https:\/\/ceadvogados.com\/novo\/wp-content\/uploads\/2025\/02\/campos-e-emerich-advogados.jpg","contentUrl":"https:\/\/ceadvogados.com\/novo\/wp-content\/uploads\/2025\/02\/campos-e-emerich-advogados.jpg","width":810,"height":810,"caption":"Campos & Emerich Advogados"},"image":{"@id":"https:\/\/ceadvogados.com\/novo\/#\/schema\/logo\/image\/"},"sameAs":["https:\/\/www.facebook.com\/profile.php?id=61551895715380&mibextid=9R9pXO","https:\/\/www.instagram.com\/ce.advogados?igshid=ZXJ1MHV4azFwbm1z"]},{"@type":"Person","@id":"https:\/\/ceadvogados.com\/novo\/#\/schema\/person\/f83534c76457622c0d791075e8662943","name":"admin","image":{"@type":"ImageObject","inLanguage":"pt-PT","@id":"https:\/\/ceadvogados.com\/novo\/#\/schema\/person\/image\/","url":"https:\/\/secure.gravatar.com\/avatar\/79dcbdb2b6bdd7817cb53be05a85960f828f05e25b12ed0288673f8f13407b90?s=96&d=mm&r=g","contentUrl":"https:\/\/secure.gravatar.com\/avatar\/79dcbdb2b6bdd7817cb53be05a85960f828f05e25b12ed0288673f8f13407b90?s=96&d=mm&r=g","caption":"admin"},"sameAs":["https:\/\/ceadvogados.com\/novo"],"url":"https:\/\/ceadvogados.com\/novo\/author\/admin\/"}]}},"_links":{"self":[{"href":"https:\/\/ceadvogados.com\/novo\/wp-json\/wp\/v2\/posts\/1205","targetHints":{"allow":["GET"]}}],"collection":[{"href":"https:\/\/ceadvogados.com\/novo\/wp-json\/wp\/v2\/posts"}],"about":[{"href":"https:\/\/ceadvogados.com\/novo\/wp-json\/wp\/v2\/types\/post"}],"author":[{"embeddable":true,"href":"https:\/\/ceadvogados.com\/novo\/wp-json\/wp\/v2\/users\/1"}],"replies":[{"embeddable":true,"href":"https:\/\/ceadvogados.com\/novo\/wp-json\/wp\/v2\/comments?post=1205"}],"version-history":[{"count":1,"href":"https:\/\/ceadvogados.com\/novo\/wp-json\/wp\/v2\/posts\/1205\/revisions"}],"predecessor-version":[{"id":1207,"href":"https:\/\/ceadvogados.com\/novo\/wp-json\/wp\/v2\/posts\/1205\/revisions\/1207"}],"wp:featuredmedia":[{"embeddable":true,"href":"https:\/\/ceadvogados.com\/novo\/wp-json\/wp\/v2\/media\/1206"}],"wp:attachment":[{"href":"https:\/\/ceadvogados.com\/novo\/wp-json\/wp\/v2\/media?parent=1205"}],"wp:term":[{"taxonomy":"category","embeddable":true,"href":"https:\/\/ceadvogados.com\/novo\/wp-json\/wp\/v2\/categories?post=1205"},{"taxonomy":"post_tag","embeddable":true,"href":"https:\/\/ceadvogados.com\/novo\/wp-json\/wp\/v2\/tags?post=1205"}],"curies":[{"name":"wp","href":"https:\/\/api.w.org\/{rel}","templated":true}]}}